{"id":962,"date":"2020-01-26T21:56:03","date_gmt":"2020-01-26T20:56:03","guid":{"rendered":"https:\/\/gissacg.fr\/?p=962"},"modified":"2020-05-21T21:58:35","modified_gmt":"2020-05-21T19:58:35","slug":"challenge-grain-de-cafe-2020","status":"publish","type":"post","link":"https:\/\/gissacg.fr\/index.php\/2020\/01\/26\/challenge-grain-de-cafe-2020\/","title":{"rendered":"Challenge \u00ab\u00a0grain de caf\u00e9\u00a0\u00bb 2020"},"content":{"rendered":"<p>Comme l\u2019ann\u00e9e derni\u00e8re, 4 sujets\/cat\u00e9gories\u00a0 \u00e0 photographier au choix :<\/p>\n<ol>\n<li><a href=\"https:\/\/doris.ffessm.fr\/Especes\/Sepia-officinalis-Seiche-230\">Seiche<\/a><\/li>\n<li>Polyc\u00e9ra (<a href=\"https:\/\/doris.ffessm.fr\/Especes\/Polycera-quadrilineata-Polycere-a-quatre-lignes-796\">quadrilineata<\/a> ou <a href=\"https:\/\/doris.ffessm.fr\/Especes\/Polycere-des-Feroe3\">faeroensis<\/a>)<\/li>\n<li><a href=\"https:\/\/doris.ffessm.fr\/Especes\/Anemonia-viridis-Anemone-de-mer-verte-111\">An\u00e9mone verte<\/a><\/li>\n<li><a href=\"https:\/\/doris.ffessm.fr\/Especes\/Cliona-celata-Clione-jaune-382\">Clione jaune<\/a><\/li>\n<\/ol>\n<p>Ce sera le fil rouge de votre saison de plong\u00e9e 2020. A chacune de vos plong\u00e9es, dans nos eaux de Bretagne(ou d\u2019ailleurs), vous aurez l\u2019occasion de croiser ces animaux, \u2026alors, photographiez-les\u00a0!<\/p>\n<p>Et on se retrouvera, disons fin octobre 2020, pour visionner vos clich\u00e9s lors d\u2019une soir\u00e9e projection. Vous pouvez participer \u00e0 une, 2, 3 \u00a0ou aux 4 cat\u00e9gories propos\u00e9es, comme vous le souhaitez,mais un seul clich\u00e9 par cat\u00e9gorie par photographe sera pr\u00e9sent\u00e9 \u00e0 la soir\u00e9e projection.<\/p>\n<p>Pour tous renseignements compl\u00e9mentaires, n\u2019h\u00e9sitez pas \u00e0\u00a0 contacter H\u00e9l\u00e8ne<\/p>\n","protected":false},"excerpt":{"rendered":"<p>Comme l\u2019ann\u00e9e derni\u00e8re, 4 sujets\/cat\u00e9gories\u00a0 \u00e0 photographier au choix : Seiche Polyc\u00e9ra (quadrilineata ou faeroensis) An\u00e9mone verte Clione jaune Ce sera le fil rouge de votre saison de plong\u00e9e 2020. A chacune de vos plong\u00e9es, dans nos eaux de Bretagne(ou d\u2019ailleurs), vous aurez l\u2019occasion de croiser ces animaux, \u2026alors, photographiez-les\u00a0!&#8230;<\/p>\n<p class=\"continue-reading-button\"> <a class=\"continue-reading-link\" href=\"https:\/\/gissacg.fr\/index.php\/2020\/01\/26\/challenge-grain-de-cafe-2020\/\">Lire la suite<i class=\"crycon-right-dir\"><\/i><\/a><\/p>\n","protected":false},"author":8,"featured_media":0,"comment_status":"closed","ping_status":"open","sticky":false,"template":"","format":"standard","meta":{"wpm_timeformat":"","_wpm_styles":"","advgb_blocks_editor_width":"","advgb_blocks_columns_visual_guide":"","footnotes":""},"categories":[5,38],"tags":[],"class_list":["post-962","post","type-post","status-publish","format-standard","hentry","category-commissions","category-photo"],"author_meta":{"display_name":"Isabelle Pettier","author_link":"https:\/\/gissacg.fr\/index.php\/author\/ipettier\/"},"featured_img":null,"coauthors":[],"tax_additional":{"categories":{"linked":["<a href=\"https:\/\/gissacg.fr\/index.php\/category\/vie-du-club\/commissions\/\" class=\"advgb-post-tax-term\">Commissions<\/a>","<a href=\"https:\/\/gissacg.fr\/index.php\/category\/vie-du-club\/commissions\/photo\/\" class=\"advgb-post-tax-term\">Photo<\/a>"],"unlinked":["<span class=\"advgb-post-tax-term\">Commissions<\/span>","<span class=\"advgb-post-tax-term\">Photo<\/span>"]}},"comment_count":"0","relative_dates":{"created":"Publi\u00e9 6 ans il y a","modified":"Mis \u00e0 jour 6 ans il y a"},"absolute_dates":{"created":"Publi\u00e9 le 26 janvier 2020","modified":"Mise \u00e0 jour le 21 mai 2020"},"absolute_dates_time":{"created":"Publi\u00e9 le 26 janvier 2020 21 h 56 min","modified":"Mise \u00e0 jour le 21 mai 2020 21 h 58 min"},"featured_img_caption":"","series_order":"","_links":{"self":[{"href":"https:\/\/gissacg.fr\/index.php\/wp-json\/wp\/v2\/posts\/962","targetHints":{"allow":["GET"]}}],"collection":[{"href":"https:\/\/gissacg.fr\/index.php\/wp-json\/wp\/v2\/posts"}],"about":[{"href":"https:\/\/gissacg.fr\/index.php\/wp-json\/wp\/v2\/types\/post"}],"author":[{"embeddable":true,"href":"https:\/\/gissacg.fr\/index.php\/wp-json\/wp\/v2\/users\/8"}],"replies":[{"embeddable":true,"href":"https:\/\/gissacg.fr\/index.php\/wp-json\/wp\/v2\/comments?post=962"}],"version-history":[{"count":3,"href":"https:\/\/gissacg.fr\/index.php\/wp-json\/wp\/v2\/posts\/962\/revisions"}],"predecessor-version":[{"id":1029,"href":"https:\/\/gissacg.fr\/index.php\/wp-json\/wp\/v2\/posts\/962\/revisions\/1029"}],"wp:attachment":[{"href":"https:\/\/gissacg.fr\/index.php\/wp-json\/wp\/v2\/media?parent=962"}],"wp:term":[{"taxonomy":"category","embeddable":true,"href":"https:\/\/gissacg.fr\/index.php\/wp-json\/wp\/v2\/categories?post=962"},{"taxonomy":"post_tag","embeddable":true,"href":"https:\/\/gissacg.fr\/index.php\/wp-json\/wp\/v2\/tags?post=962"}],"curies":[{"name":"wp","href":"https:\/\/api.w.org\/{rel}","templated":true}]}}