{"id":707,"date":"2019-10-13T10:01:33","date_gmt":"2019-10-13T08:01:33","guid":{"rendered":"https:\/\/gissacg.fr\/?p=707"},"modified":"2021-12-02T21:29:33","modified_gmt":"2021-12-02T20:29:33","slug":"la-commission-photo-a-lhonneur-sur-la-ria-detel","status":"publish","type":"post","link":"https:\/\/gissacg.fr\/index.php\/2019\/10\/13\/la-commission-photo-a-lhonneur-sur-la-ria-detel\/","title":{"rendered":"La commission photo \u00e0 l&rsquo;honneur sur la RIA d&rsquo;ETEL"},"content":{"rendered":"<p style=\"text-align: left;\">Le GISSACG a \u00e9t\u00e9 brillamment repr\u00e9sent\u00e9, les 21 et 22 septembre, par Nathalie lors du troph\u00e9e photos de la Ria d&rsquo;Etel :<\/p>\n<p style=\"text-align: center;\"><span style=\"font-size: 14pt;\"><strong>Prix du Jury, bravo Nath !<\/strong><\/span><\/p>\n<div id=\"attachment_719\" style=\"width: 445px\" class=\"wp-caption aligncenter\"><img loading=\"lazy\" decoding=\"async\" aria-describedby=\"caption-attachment-719\" class=\" wp-image-719\" src=\"https:\/\/gissacg.fr\/wp-content\/uploads\/2019\/09\/troph\u00e9e-ria-etel_groupe-22Sept19-plan-nath-300x169.jpg\" alt=\"\" width=\"435\" height=\"245\" srcset=\"https:\/\/gissacg.fr\/wp-content\/uploads\/2019\/09\/troph\u00e9e-ria-etel_groupe-22Sept19-plan-nath-300x169.jpg 300w, https:\/\/gissacg.fr\/wp-content\/uploads\/2019\/09\/troph\u00e9e-ria-etel_groupe-22Sept19-plan-nath-768x432.jpg 768w, https:\/\/gissacg.fr\/wp-content\/uploads\/2019\/09\/troph\u00e9e-ria-etel_groupe-22Sept19-plan-nath-1024x576.jpg 1024w, https:\/\/gissacg.fr\/wp-content\/uploads\/2019\/09\/troph\u00e9e-ria-etel_groupe-22Sept19-plan-nath.jpg 1200w\" sizes=\"auto, (max-width: 435px) 100vw, 435px\" \/><p id=\"caption-attachment-719\" class=\"wp-caption-text\">Le groupe et Daniel Blin, organisateur<\/p><\/div>\n<p>Pour appr\u00e9cier toutes les belles images r\u00e9alis\u00e9es lors de cette comp\u00e9tition, clickez sur \u00a0<a href=\"https:\/\/www.cibpl.fr\/fr\/photo-video\/actualites\/trophee-ria-etel-2019\/271\/7022.aspx\">https:\/\/www.cibpl.fr\/fr\/photo-video\/actualites\/trophee-ria-etel-2019\/271\/7022.aspx<\/a><\/p>\n<div id=\"attachment_720\" style=\"width: 310px\" class=\"wp-caption aligncenter\"><img loading=\"lazy\" decoding=\"async\" aria-describedby=\"caption-attachment-720\" class=\"size-medium wp-image-720\" src=\"https:\/\/gissacg.fr\/wp-content\/uploads\/2019\/09\/troph\u00e9e-ria-etel-19_Nathalie_DUBOIS_LAVERGNE-300x225.jpg\" alt=\"\" width=\"300\" height=\"225\" srcset=\"https:\/\/gissacg.fr\/wp-content\/uploads\/2019\/09\/troph\u00e9e-ria-etel-19_Nathalie_DUBOIS_LAVERGNE-300x225.jpg 300w, https:\/\/gissacg.fr\/wp-content\/uploads\/2019\/09\/troph\u00e9e-ria-etel-19_Nathalie_DUBOIS_LAVERGNE-768x576.jpg 768w, https:\/\/gissacg.fr\/wp-content\/uploads\/2019\/09\/troph\u00e9e-ria-etel-19_Nathalie_DUBOIS_LAVERGNE-1024x768.jpg 1024w, https:\/\/gissacg.fr\/wp-content\/uploads\/2019\/09\/troph\u00e9e-ria-etel-19_Nathalie_DUBOIS_LAVERGNE.jpg 1200w\" sizes=\"auto, (max-width: 300px) 100vw, 300px\" \/><p id=\"caption-attachment-720\" class=\"wp-caption-text\">un poulpe,\u00a0 vu par Nathalie Dubois-Lavergne<\/p><\/div>\n","protected":false},"excerpt":{"rendered":"<p>Le GISSACG a \u00e9t\u00e9 brillamment repr\u00e9sent\u00e9, les 21 et 22 septembre, par Nathalie lors du troph\u00e9e photos de la Ria d&rsquo;Etel : Prix du Jury, bravo Nath ! Pour appr\u00e9cier toutes les belles images r\u00e9alis\u00e9es lors de cette comp\u00e9tition, clickez sur \u00a0https:\/\/www.cibpl.fr\/fr\/photo-video\/actualites\/trophee-ria-etel-2019\/271\/7022.aspx<\/p>\n<p class=\"continue-reading-button\"> <a class=\"continue-reading-link\" href=\"https:\/\/gissacg.fr\/index.php\/2019\/10\/13\/la-commission-photo-a-lhonneur-sur-la-ria-detel\/\">Lire la suite<i class=\"crycon-right-dir\"><\/i><\/a><\/p>\n","protected":false},"author":8,"featured_media":0,"comment_status":"closed","ping_status":"open","sticky":false,"template":"","format":"standard","meta":{"wpm_timeformat":"","_wpm_styles":"","advgb_blocks_editor_width":"","advgb_blocks_columns_visual_guide":"","footnotes":""},"categories":[39],"tags":[99,41],"class_list":["post-707","post","type-post","status-publish","format-standard","hentry","category-photo-2018-2019","tag-concours","tag-photo"],"author_meta":{"display_name":"Isabelle Pettier","author_link":"https:\/\/gissacg.fr\/index.php\/author\/ipettier\/"},"featured_img":null,"coauthors":[],"tax_additional":{"categories":{"linked":["<a href=\"https:\/\/gissacg.fr\/index.php\/category\/zarchive\/saison-2018-2019\/photo-2018-2019\/\" class=\"advgb-post-tax-term\">Photo 2018-2019<\/a>"],"unlinked":["<span class=\"advgb-post-tax-term\">Photo 2018-2019<\/span>"]},"tags":{"linked":["<a href=\"https:\/\/gissacg.fr\/index.php\/category\/zarchive\/saison-2018-2019\/photo-2018-2019\/\" class=\"advgb-post-tax-term\">concours<\/a>","<a href=\"https:\/\/gissacg.fr\/index.php\/category\/zarchive\/saison-2018-2019\/photo-2018-2019\/\" class=\"advgb-post-tax-term\">photo<\/a>"],"unlinked":["<span class=\"advgb-post-tax-term\">concours<\/span>","<span class=\"advgb-post-tax-term\">photo<\/span>"]}},"comment_count":"0","relative_dates":{"created":"Publi\u00e9 7 ans il y a","modified":"Mis \u00e0 jour 4 ans il y a"},"absolute_dates":{"created":"Publi\u00e9 le 13 octobre 2019","modified":"Mise \u00e0 jour le 2 d\u00e9cembre 2021"},"absolute_dates_time":{"created":"Publi\u00e9 le 13 octobre 2019 10 h 01 min","modified":"Mise \u00e0 jour le 2 d\u00e9cembre 2021 21 h 29 min"},"featured_img_caption":"","series_order":"","_links":{"self":[{"href":"https:\/\/gissacg.fr\/index.php\/wp-json\/wp\/v2\/posts\/707","targetHints":{"allow":["GET"]}}],"collection":[{"href":"https:\/\/gissacg.fr\/index.php\/wp-json\/wp\/v2\/posts"}],"about":[{"href":"https:\/\/gissacg.fr\/index.php\/wp-json\/wp\/v2\/types\/post"}],"author":[{"embeddable":true,"href":"https:\/\/gissacg.fr\/index.php\/wp-json\/wp\/v2\/users\/8"}],"replies":[{"embeddable":true,"href":"https:\/\/gissacg.fr\/index.php\/wp-json\/wp\/v2\/comments?post=707"}],"version-history":[{"count":4,"href":"https:\/\/gissacg.fr\/index.php\/wp-json\/wp\/v2\/posts\/707\/revisions"}],"predecessor-version":[{"id":723,"href":"https:\/\/gissacg.fr\/index.php\/wp-json\/wp\/v2\/posts\/707\/revisions\/723"}],"wp:attachment":[{"href":"https:\/\/gissacg.fr\/index.php\/wp-json\/wp\/v2\/media?parent=707"}],"wp:term":[{"taxonomy":"category","embeddable":true,"href":"https:\/\/gissacg.fr\/index.php\/wp-json\/wp\/v2\/categories?post=707"},{"taxonomy":"post_tag","embeddable":true,"href":"https:\/\/gissacg.fr\/index.php\/wp-json\/wp\/v2\/tags?post=707"}],"curies":[{"name":"wp","href":"https:\/\/api.w.org\/{rel}","templated":true}]}}