{"id":570,"date":"2019-05-27T11:02:27","date_gmt":"2019-05-27T09:02:27","guid":{"rendered":"https:\/\/gissacg.fr\/?p=570"},"modified":"2021-12-01T15:04:21","modified_gmt":"2021-12-01T14:04:21","slug":"sortie-bateau-aux-dervinis","status":"publish","type":"post","link":"https:\/\/gissacg.fr\/index.php\/2019\/05\/27\/sortie-bateau-aux-dervinis\/","title":{"rendered":"sortie bateau aux dervinis"},"content":{"rendered":"<p>Vu la mer belle \u00e0 tr\u00e8s peu agit\u00e9e, un vent faible , nous avons plong\u00e9<br \/>\naux Dervinis (au sud des 7 iles, de l&rsquo;ile Malban) samedi 25 mai 2019<img loading=\"lazy\" decoding=\"async\" class=\"alignnone size-full wp-image-575\" src=\"https:\/\/gissacg.fr\/wp-content\/uploads\/2019\/05\/ile-malban.jpg\" alt=\"\" width=\"259\" height=\"194\" \/><\/p>\n<p>plong\u00e9e d\u00e9rivante avec le courant descendant (le jusant) de 40 \u00e0 15 m, fonds sableux (roussettes), fonds blancs de merle (des tonnes de lan\u00e7ons) et fin sur la dorsale des dervinis plateau de 10 \u00e0 20 m rocheux avec laminaires et trou\u00e9es et failles sableuses (des bancs de lieux jaunes puis bars de belles tailles&#8230;..) , ah oui des groseilles de mer bien color\u00e9es de bleu sous l&rsquo;\u00e9clairage de nos lampes pour s&rsquo;amuser pendant nos 10 mn de palier\u00a0\u00a0\u00a0\u00a0\u00a0\u00a0\u00a0\u00a0\u00a0\u00a0\u00a0 <img loading=\"lazy\" decoding=\"async\" class=\"alignnone wp-image-574\" src=\"https:\/\/gissacg.fr\/wp-content\/uploads\/2019\/05\/groseille-de-mer.jpg\" alt=\"\" width=\"167\" height=\"167\" srcset=\"https:\/\/gissacg.fr\/wp-content\/uploads\/2019\/05\/groseille-de-mer.jpg 225w, https:\/\/gissacg.fr\/wp-content\/uploads\/2019\/05\/groseille-de-mer-150x150.jpg 150w\" sizes=\"auto, (max-width: 167px) 100vw, 167px\" \/><\/p>\n<p>bref tout au beau fixe avec les cr\u00eapes , les chouquettes, les palets,<br \/>\nles \u00a0\u00bb brignotines\u00a0\u00bb?&#8230;&#8230;.et chut<\/p>\n<p>\u00e0 la prochaine,<\/p>\n<p>Armelle, Philippe, Jean-Pierre, Fabrice, Franck, Christian, Issar et<br \/>\nThierry O.<\/p>\n","protected":false},"excerpt":{"rendered":"<p>Vu la mer belle \u00e0 tr\u00e8s peu agit\u00e9e, un vent faible , nous avons plong\u00e9 aux Dervinis (au sud des 7 iles, de l&rsquo;ile Malban) samedi 25 mai 2019 plong\u00e9e d\u00e9rivante avec le courant descendant (le jusant) de 40 \u00e0 15 m, fonds sableux (roussettes), fonds blancs de merle (des&#8230;<\/p>\n<p class=\"continue-reading-button\"> <a class=\"continue-reading-link\" href=\"https:\/\/gissacg.fr\/index.php\/2019\/05\/27\/sortie-bateau-aux-dervinis\/\">Lire la suite<i class=\"crycon-right-dir\"><\/i><\/a><\/p>\n","protected":false},"author":8,"featured_media":0,"comment_status":"closed","ping_status":"open","sticky":false,"template":"","format":"standard","meta":{"wpm_timeformat":"","_wpm_styles":"","advgb_blocks_editor_width":"","advgb_blocks_columns_visual_guide":"","footnotes":""},"categories":[32],"tags":[78,17,52],"class_list":["post-570","post","type-post","status-publish","format-standard","hentry","category-plongee-2018-2019","tag-7iles","tag-plongee","tag-sortie-bateau"],"author_meta":{"display_name":"Isabelle Pettier","author_link":"https:\/\/gissacg.fr\/index.php\/author\/ipettier\/"},"featured_img":null,"coauthors":[],"tax_additional":{"categories":{"linked":["<a href=\"https:\/\/gissacg.fr\/index.php\/category\/zarchive\/saison-2018-2019\/plongee-2018-2019\/\" class=\"advgb-post-tax-term\">Plong\u00e9e 2018-2019<\/a>"],"unlinked":["<span class=\"advgb-post-tax-term\">Plong\u00e9e 2018-2019<\/span>"]},"tags":{"linked":["<a href=\"https:\/\/gissacg.fr\/index.php\/category\/zarchive\/saison-2018-2019\/plongee-2018-2019\/\" class=\"advgb-post-tax-term\">7iles<\/a>","<a href=\"https:\/\/gissacg.fr\/index.php\/category\/zarchive\/saison-2018-2019\/plongee-2018-2019\/\" class=\"advgb-post-tax-term\">plong\u00e9e<\/a>","<a href=\"https:\/\/gissacg.fr\/index.php\/category\/zarchive\/saison-2018-2019\/plongee-2018-2019\/\" class=\"advgb-post-tax-term\">sortie bateau<\/a>"],"unlinked":["<span class=\"advgb-post-tax-term\">7iles<\/span>","<span class=\"advgb-post-tax-term\">plong\u00e9e<\/span>","<span class=\"advgb-post-tax-term\">sortie bateau<\/span>"]}},"comment_count":"0","relative_dates":{"created":"Publi\u00e9 7 ans il y a","modified":"Mis \u00e0 jour 4 ans il y a"},"absolute_dates":{"created":"Publi\u00e9 le 27 mai 2019","modified":"Mise \u00e0 jour le 1 d\u00e9cembre 2021"},"absolute_dates_time":{"created":"Publi\u00e9 le 27 mai 2019 11 h 02 min","modified":"Mise \u00e0 jour le 1 d\u00e9cembre 2021 15 h 04 min"},"featured_img_caption":"","series_order":"","_links":{"self":[{"href":"https:\/\/gissacg.fr\/index.php\/wp-json\/wp\/v2\/posts\/570","targetHints":{"allow":["GET"]}}],"collection":[{"href":"https:\/\/gissacg.fr\/index.php\/wp-json\/wp\/v2\/posts"}],"about":[{"href":"https:\/\/gissacg.fr\/index.php\/wp-json\/wp\/v2\/types\/post"}],"author":[{"embeddable":true,"href":"https:\/\/gissacg.fr\/index.php\/wp-json\/wp\/v2\/users\/8"}],"replies":[{"embeddable":true,"href":"https:\/\/gissacg.fr\/index.php\/wp-json\/wp\/v2\/comments?post=570"}],"version-history":[{"count":3,"href":"https:\/\/gissacg.fr\/index.php\/wp-json\/wp\/v2\/posts\/570\/revisions"}],"predecessor-version":[{"id":577,"href":"https:\/\/gissacg.fr\/index.php\/wp-json\/wp\/v2\/posts\/570\/revisions\/577"}],"wp:attachment":[{"href":"https:\/\/gissacg.fr\/index.php\/wp-json\/wp\/v2\/media?parent=570"}],"wp:term":[{"taxonomy":"category","embeddable":true,"href":"https:\/\/gissacg.fr\/index.php\/wp-json\/wp\/v2\/categories?post=570"},{"taxonomy":"post_tag","embeddable":true,"href":"https:\/\/gissacg.fr\/index.php\/wp-json\/wp\/v2\/tags?post=570"}],"curies":[{"name":"wp","href":"https:\/\/api.w.org\/{rel}","templated":true}]}}