{"id":1622,"date":"2021-07-13T09:42:51","date_gmt":"2021-07-13T07:42:51","guid":{"rendered":"https:\/\/gissacg.fr\/?p=1622"},"modified":"2021-07-13T09:42:51","modified_gmt":"2021-07-13T07:42:51","slug":"expo-croisons-nos-regards-sur-lormeau-a-la-maison-du-littoral","status":"publish","type":"post","link":"https:\/\/gissacg.fr\/index.php\/2021\/07\/13\/expo-croisons-nos-regards-sur-lormeau-a-la-maison-du-littoral\/","title":{"rendered":"Expo \u00ab CROISONS NOS REGARDS SUR L&rsquo;ORMEAU \u00bb  \u00e0 la maison du littoral"},"content":{"rendered":"\n<p>Dans le cadre du Festival de bande dessin\u00e9e de Perros-Guirec, la bande dessin\u00e9e \u00ab&nbsp;Ama, le souffle des femmes&nbsp;\u00bb a re\u00e7u le Prix Nature 2021.<\/p>\n<p><a href=\"https:\/\/www.letelegramme.fr\/cotes-darmor\/lannion\/a-perros-guirec-le-prix-bd-nature-attribue-a-ama-de-franck-manguin-et-cecile-becq-10-03-2021-12716766.php\">https:\/\/www.letelegramme.fr\/cotes-darmor\/lannion\/a-perros-guirec-le-prix-bd-nature-attribue-a-ama-de-franck-manguin-et-cecile-becq-10-03-2021-12716766.php<\/a><\/p>\n<p>Autour de cet \u00e9v\u00e8nement, la maison du littoral pr\u00e9sente une exposition sur le th\u00e8me \u00ab CROISONS NOS REGARDS SUR L&rsquo;ORMEAU \u00bb .<\/p>\n<p>Le Gissacg participe \u00e0 cette &nbsp;expo en pr\u00e9sentant quelques photos.<\/p>\n<p>N\u2019h\u00e9sitez pas \u00e0 passer \u2026c\u2019est jusqu\u2019au 31 juillet.<\/p>\n<p>&nbsp;<\/p>\n<p><a href=\"http:\/\/tourisme.perros-guirec.com\/fiches-touristiques\/7469-exposition-croisons-nos-regards-sur-l-ormeau.html\">http:\/\/tourisme.perros-guirec.com\/fiches-touristiques\/7469-exposition-croisons-nos-regards-sur-l-ormeau.html<\/a><\/p>\n<p><a href=\"https:\/\/www.facebook.com\/MaisonduLittoralPloumanach\">https:\/\/www.facebook.com\/MaisonduLittoralPloumanach<\/a><\/p>\n<p>Maison du littoral : ouvert tous les jours 10h-13h\/ 14h-18h<\/p>\n\n\n\n<p><img loading=\"lazy\" decoding=\"async\" class=\"alignnone size-medium wp-image-1626\" src=\"https:\/\/gissacg.fr\/wp-content\/uploads\/2021\/07\/Afficheweb-1-212x300.jpg\" alt=\"\" width=\"212\" height=\"300\" srcset=\"https:\/\/gissacg.fr\/wp-content\/uploads\/2021\/07\/Afficheweb-1-212x300.jpg 212w, https:\/\/gissacg.fr\/wp-content\/uploads\/2021\/07\/Afficheweb-1-724x1024.jpg 724w, https:\/\/gissacg.fr\/wp-content\/uploads\/2021\/07\/Afficheweb-1-768x1086.jpg 768w, https:\/\/gissacg.fr\/wp-content\/uploads\/2021\/07\/Afficheweb-1-106x150.jpg 106w, https:\/\/gissacg.fr\/wp-content\/uploads\/2021\/07\/Afficheweb-1.jpg 800w\" sizes=\"auto, (max-width: 212px) 100vw, 212px\" \/><\/p>\n","protected":false},"excerpt":{"rendered":"<p>Dans le cadre du Festival de bande dessin\u00e9e de Perros-Guirec, la bande dessin\u00e9e \u00ab&nbsp;Ama, le souffle des femmes&nbsp;\u00bb a re\u00e7u le Prix Nature 2021. https:\/\/www.letelegramme.fr\/cotes-darmor\/lannion\/a-perros-guirec-le-prix-bd-nature-attribue-a-ama-de-franck-manguin-et-cecile-becq-10-03-2021-12716766.php Autour de cet \u00e9v\u00e8nement, la maison du littoral pr\u00e9sente une exposition sur le th\u00e8me \u00ab CROISONS NOS REGARDS SUR L&rsquo;ORMEAU \u00bb . Le Gissacg participe&#8230;<\/p>\n<p class=\"continue-reading-button\"> <a class=\"continue-reading-link\" href=\"https:\/\/gissacg.fr\/index.php\/2021\/07\/13\/expo-croisons-nos-regards-sur-lormeau-a-la-maison-du-littoral\/\">Lire la suite<i class=\"crycon-right-dir\"><\/i><\/a><\/p>\n","protected":false},"author":13,"featured_media":0,"comment_status":"closed","ping_status":"open","sticky":false,"template":"","format":"standard","meta":{"wpm_timeformat":"","_wpm_styles":"","advgb_blocks_editor_width":"","advgb_blocks_columns_visual_guide":"","footnotes":""},"categories":[5,38,58,3,59],"tags":[],"class_list":["post-1622","post","type-post","status-publish","format-standard","hentry","category-commissions","category-photo","category-photo-2020-2021","category-vie-du-club","category-vie-du-club-2020-2021"],"author_meta":{"display_name":"H\u00e9l\u00e8ne Le Queau","author_link":"https:\/\/gissacg.fr\/index.php\/author\/hlq\/"},"featured_img":null,"coauthors":[],"tax_additional":{"categories":{"linked":["<a href=\"https:\/\/gissacg.fr\/index.php\/category\/vie-du-club\/commissions\/\" class=\"advgb-post-tax-term\">Commissions<\/a>","<a href=\"https:\/\/gissacg.fr\/index.php\/category\/vie-du-club\/commissions\/photo\/\" class=\"advgb-post-tax-term\">Photo<\/a>","<a href=\"https:\/\/gissacg.fr\/index.php\/category\/zarchive\/saison-2020-2021\/photo-2020-2021\/\" class=\"advgb-post-tax-term\">Photo 2020-2021<\/a>","<a href=\"https:\/\/gissacg.fr\/index.php\/category\/vie-du-club\/\" class=\"advgb-post-tax-term\">Vie du club<\/a>","<a href=\"https:\/\/gissacg.fr\/index.php\/category\/zarchive\/saison-2020-2021\/vie-du-club-2020-2021\/\" class=\"advgb-post-tax-term\">Vie du Club 2020-2021<\/a>"],"unlinked":["<span class=\"advgb-post-tax-term\">Commissions<\/span>","<span class=\"advgb-post-tax-term\">Photo<\/span>","<span class=\"advgb-post-tax-term\">Photo 2020-2021<\/span>","<span class=\"advgb-post-tax-term\">Vie du club<\/span>","<span class=\"advgb-post-tax-term\">Vie du Club 2020-2021<\/span>"]}},"comment_count":"0","relative_dates":{"created":"Publi\u00e9 5 ans il y a","modified":"Mis \u00e0 jour 5 ans il y a"},"absolute_dates":{"created":"Publi\u00e9 le 13 juillet 2021","modified":"Mise \u00e0 jour le 13 juillet 2021"},"absolute_dates_time":{"created":"Publi\u00e9 le 13 juillet 2021 9 h 42 min","modified":"Mise \u00e0 jour le 13 juillet 2021 9 h 42 min"},"featured_img_caption":"","series_order":"","_links":{"self":[{"href":"https:\/\/gissacg.fr\/index.php\/wp-json\/wp\/v2\/posts\/1622","targetHints":{"allow":["GET"]}}],"collection":[{"href":"https:\/\/gissacg.fr\/index.php\/wp-json\/wp\/v2\/posts"}],"about":[{"href":"https:\/\/gissacg.fr\/index.php\/wp-json\/wp\/v2\/types\/post"}],"author":[{"embeddable":true,"href":"https:\/\/gissacg.fr\/index.php\/wp-json\/wp\/v2\/users\/13"}],"replies":[{"embeddable":true,"href":"https:\/\/gissacg.fr\/index.php\/wp-json\/wp\/v2\/comments?post=1622"}],"version-history":[{"count":6,"href":"https:\/\/gissacg.fr\/index.php\/wp-json\/wp\/v2\/posts\/1622\/revisions"}],"predecessor-version":[{"id":3499,"href":"https:\/\/gissacg.fr\/index.php\/wp-json\/wp\/v2\/posts\/1622\/revisions\/3499"}],"wp:attachment":[{"href":"https:\/\/gissacg.fr\/index.php\/wp-json\/wp\/v2\/media?parent=1622"}],"wp:term":[{"taxonomy":"category","embeddable":true,"href":"https:\/\/gissacg.fr\/index.php\/wp-json\/wp\/v2\/categories?post=1622"},{"taxonomy":"post_tag","embeddable":true,"href":"https:\/\/gissacg.fr\/index.php\/wp-json\/wp\/v2\/tags?post=1622"}],"curies":[{"name":"wp","href":"https:\/\/api.w.org\/{rel}","templated":true}]}}