{"id":1355,"date":"2021-01-04T20:28:20","date_gmt":"2021-01-04T19:28:20","guid":{"rendered":"https:\/\/gissacg.fr\/?p=1355"},"modified":"2021-01-06T14:24:24","modified_gmt":"2021-01-06T13:24:24","slug":"resultats-du-challenge-grain-de-cafe-2020","status":"publish","type":"post","link":"https:\/\/gissacg.fr\/index.php\/2021\/01\/04\/resultats-du-challenge-grain-de-cafe-2020\/","title":{"rendered":"R\u00e9sultats du Challenge \u00ab\u00a0grain de caf\u00e9 &#8211; 2020\u00a0\u00bb"},"content":{"rendered":"\n<p class=\"has-text-color has-background has-vivid-purple-color has-pale-cyan-blue-background-color\">Organis\u00e9 par la commission photo du Gissacg, le Challenge \u00ab\u00a0grain de caf\u00e9 2020\u00a0\u00bb a pris fin samedi 26 d\u00e9cembre 2020. <strong>24 clich\u00e9s ont \u00e9t\u00e9 pr\u00e9sent\u00e9s par 8 photographes de la Commission Photo Interclub du Tr\u00e9gor<\/strong>. Avec 22 votes \u00e0 distance, les r\u00e9sultats par cat\u00e9gorie sont :<\/p>\n\n\n\n\n\n<table style=\"border-collapse: collapse; width: 100%; height: 693px;\">\n<tbody>\n<tr style=\"height: 341px;\">\n<td style=\"width: 50%; height: 341px;\">\n<div style=\"width: 224px\" class=\"wp-caption aligncenter\"><img loading=\"lazy\" decoding=\"async\" src=\"https:\/\/gissacg.fr\/wp-content\/uploads\/2021\/01\/image.png\" alt=\"L\u2019attribut alt de cette image est vide, son nom de fichier est image.png.\" width=\"214\" height=\"289\"><p class=\"wp-caption-text\"><a href=\"https:\/\/www.flickr.com\/gp\/144452557@N03\/og8413\">Seiche<\/a> par Olivier Tachon (9 votes)<\/p><\/div>\n<\/td>\n<td style=\"width: 50%; height: 341px;\">\n<div style=\"width: 289px\" class=\"wp-caption aligncenter\"><img loading=\"lazy\" decoding=\"async\" src=\"https:\/\/gissacg.fr\/wp-content\/uploads\/2021\/01\/image-2.png\" alt=\"L\u2019attribut alt de cette image est vide, son nom de fichier est image-2.png.\" width=\"279\" height=\"186\"><p class=\"wp-caption-text\"><a href=\"https:\/\/www.flickr.com\/gp\/144452557@N03\/626T32\">Polycera <\/a>par Yann Querrec (7 votes)<\/p><\/div>\n<\/td>\n<\/tr>\n<tr style=\"height: 352px;\">\n<td style=\"width: 50%; height: 352px;\">\n<div style=\"width: 196px\" class=\"wp-caption aligncenter\"><img loading=\"lazy\" decoding=\"async\" src=\"https:\/\/gissacg.fr\/wp-content\/uploads\/2021\/01\/image-1.png\" alt=\"L\u2019attribut alt de cette image est vide, son nom de fichier est image-1.png.\" width=\"186\" height=\"279\"><p class=\"wp-caption-text\"><a href=\"https:\/\/www.flickr.com\/gp\/144452557@N03\/qKZ52v\">An\u00e9mone verte<\/a> par Olivier Tachon (9 votes)<\/p><\/div>\n<\/td>\n<td style=\"width: 50%; height: 352px;\">\n<div style=\"width: 289px\" class=\"wp-caption aligncenter\"><img loading=\"lazy\" decoding=\"async\" src=\"https:\/\/gissacg.fr\/wp-content\/uploads\/2021\/01\/image-3.png\" alt=\"L\u2019attribut alt de cette image est vide, son nom de fichier est image-3.png.\" width=\"279\" height=\"189\"><p class=\"wp-caption-text\"><a href=\"https:\/\/www.flickr.com\/gp\/144452557@N03\/1SN1Dh\">Clione<\/a> par Olivier Tachon (6 votes)<\/p><\/div>\n<\/td>\n<\/tr>\n<\/tbody>\n<\/table>\n\n\n\n<p class=\"has-text-color has-background has-vivid-purple-color has-pale-cyan-blue-background-color\">La photo gagnante toutes cat\u00e9gories \u00e9tant celle ayant re\u00e7ue le plus de votes, <strong>nous avons donc 2 photos ex-aequo,&nbsp; la <a href=\"https:\/\/www.flickr.com\/gp\/144452557@N03\/og8413\">seiche<\/a> et l&rsquo;<a href=\"https:\/\/www.flickr.com\/gp\/144452557@N03\/qKZ52v\">an\u00e9mone verte<\/a>, prises par Olivier Tachon<\/strong>.<\/p>\n\n\n\n<p>Tous les clich\u00e9s avec les noms des auteurs sont pr\u00e9sent\u00e9s sous Flickr :<\/p>\n\n\n\n<ul class=\"wp-block-list\"><li>Cat\u00e9gorie 1 : <a href=\"https:\/\/www.flickr.com\/gp\/144452557@N03\/A2453c\">SEICHE<\/a><\/li><li>Cat\u00e9gorie 2 : <a href=\"https:\/\/www.flickr.com\/gp\/144452557@N03\/djwN3B\">POLYCERA<\/a><\/li><li>Cat\u00e9gorie 3 : <a href=\"https:\/\/www.flickr.com\/gp\/144452557@N03\/9E0305\">ANEMONE VERTE<\/a><\/li><li>Cat\u00e9gorie 4 : <a href=\"https:\/\/www.flickr.com\/gp\/144452557@N03\/9WB1EE\">CLIONE<\/a><\/li><\/ul>\n\n\n\n<p class=\"has-text-color has-background has-vivid-purple-color has-pale-cyan-blue-background-color\">Merci \u00e0 tous les participants et aux organisateurs ! En esp\u00e9rant avoir beaucoup plus d&rsquo;occasions de photographies sous-marines en 2021 car tr\u00e8s bient\u00f4t, vous seront communiqu\u00e9es les cat\u00e9gories du <strong>Challenge \u00ab\u00a0grain de caf\u00e9 2021<\/strong>\u00a0\u00bb &#8230; <\/p>\n\n\n\n<p><\/p>\n","protected":false},"excerpt":{"rendered":"<p>Organis\u00e9 par la commission photo du Gissacg, le Challenge \u00ab\u00a0grain de caf\u00e9 2020\u00a0\u00bb a pris fin samedi 26 d\u00e9cembre 2020. 24 clich\u00e9s ont \u00e9t\u00e9 pr\u00e9sent\u00e9s par 8 photographes de la Commission Photo Interclub du Tr\u00e9gor. Avec 22 votes \u00e0 distance, les r\u00e9sultats par cat\u00e9gorie sont : La photo gagnante toutes&#8230;<\/p>\n<p class=\"continue-reading-button\"> <a class=\"continue-reading-link\" href=\"https:\/\/gissacg.fr\/index.php\/2021\/01\/04\/resultats-du-challenge-grain-de-cafe-2020\/\">Lire la suite<i class=\"crycon-right-dir\"><\/i><\/a><\/p>\n","protected":false},"author":8,"featured_media":0,"comment_status":"closed","ping_status":"open","sticky":false,"template":"","format":"standard","meta":{"wpm_timeformat":"","_wpm_styles":"","advgb_blocks_editor_width":"","advgb_blocks_columns_visual_guide":"","footnotes":""},"categories":[5,38,58,3],"tags":[],"class_list":["post-1355","post","type-post","status-publish","format-standard","hentry","category-commissions","category-photo","category-photo-2020-2021","category-vie-du-club"],"author_meta":{"display_name":"Isabelle Pettier","author_link":"https:\/\/gissacg.fr\/index.php\/author\/ipettier\/"},"featured_img":null,"coauthors":[],"tax_additional":{"categories":{"linked":["<a href=\"https:\/\/gissacg.fr\/index.php\/category\/vie-du-club\/commissions\/\" class=\"advgb-post-tax-term\">Commissions<\/a>","<a href=\"https:\/\/gissacg.fr\/index.php\/category\/vie-du-club\/commissions\/photo\/\" class=\"advgb-post-tax-term\">Photo<\/a>","<a href=\"https:\/\/gissacg.fr\/index.php\/category\/zarchive\/saison-2020-2021\/photo-2020-2021\/\" class=\"advgb-post-tax-term\">Photo 2020-2021<\/a>","<a href=\"https:\/\/gissacg.fr\/index.php\/category\/vie-du-club\/\" class=\"advgb-post-tax-term\">Vie du club<\/a>"],"unlinked":["<span class=\"advgb-post-tax-term\">Commissions<\/span>","<span class=\"advgb-post-tax-term\">Photo<\/span>","<span class=\"advgb-post-tax-term\">Photo 2020-2021<\/span>","<span class=\"advgb-post-tax-term\">Vie du club<\/span>"]}},"comment_count":"0","relative_dates":{"created":"Publi\u00e9 5 ans il y a","modified":"Mis \u00e0 jour 5 ans il y a"},"absolute_dates":{"created":"Publi\u00e9 le 4 janvier 2021","modified":"Mise \u00e0 jour le 6 janvier 2021"},"absolute_dates_time":{"created":"Publi\u00e9 le 4 janvier 2021 20 h 28 min","modified":"Mise \u00e0 jour le 6 janvier 2021 14 h 24 min"},"featured_img_caption":"","series_order":"","_links":{"self":[{"href":"https:\/\/gissacg.fr\/index.php\/wp-json\/wp\/v2\/posts\/1355","targetHints":{"allow":["GET"]}}],"collection":[{"href":"https:\/\/gissacg.fr\/index.php\/wp-json\/wp\/v2\/posts"}],"about":[{"href":"https:\/\/gissacg.fr\/index.php\/wp-json\/wp\/v2\/types\/post"}],"author":[{"embeddable":true,"href":"https:\/\/gissacg.fr\/index.php\/wp-json\/wp\/v2\/users\/8"}],"replies":[{"embeddable":true,"href":"https:\/\/gissacg.fr\/index.php\/wp-json\/wp\/v2\/comments?post=1355"}],"version-history":[{"count":19,"href":"https:\/\/gissacg.fr\/index.php\/wp-json\/wp\/v2\/posts\/1355\/revisions"}],"predecessor-version":[{"id":1384,"href":"https:\/\/gissacg.fr\/index.php\/wp-json\/wp\/v2\/posts\/1355\/revisions\/1384"}],"wp:attachment":[{"href":"https:\/\/gissacg.fr\/index.php\/wp-json\/wp\/v2\/media?parent=1355"}],"wp:term":[{"taxonomy":"category","embeddable":true,"href":"https:\/\/gissacg.fr\/index.php\/wp-json\/wp\/v2\/categories?post=1355"},{"taxonomy":"post_tag","embeddable":true,"href":"https:\/\/gissacg.fr\/index.php\/wp-json\/wp\/v2\/tags?post=1355"}],"curies":[{"name":"wp","href":"https:\/\/api.w.org\/{rel}","templated":true}]}}